{"id":7331,"date":"2021-04-19T10:20:43","date_gmt":"2021-04-19T08:20:43","guid":{"rendered":"https:\/\/www.geri.at\/wordpress\/?p=7331"},"modified":"2021-04-19T10:20:47","modified_gmt":"2021-04-19T08:20:47","slug":"im-detail-eroeffnen-sich-welten","status":"publish","type":"post","link":"https:\/\/www.geri.at\/wordpress\/im-detail-eroeffnen-sich-welten\/","title":{"rendered":"Im Detail er\u00f6ffnen sich Welten"},"content":{"rendered":"\n<div class=\"wp-block-image\"><figure class=\"aligncenter size-large\"><img loading=\"lazy\" decoding=\"async\" width=\"486\" height=\"600\" src=\"https:\/\/www.geri.at\/wordpress\/wp-content\/uploads\/2021\/04\/DSC_1073-486x600.jpg\" alt=\"\" class=\"wp-image-7327\" srcset=\"https:\/\/www.geri.at\/wordpress\/wp-content\/uploads\/2021\/04\/DSC_1073-486x600.jpg 486w, https:\/\/www.geri.at\/wordpress\/wp-content\/uploads\/2021\/04\/DSC_1073-324x400.jpg 324w, https:\/\/www.geri.at\/wordpress\/wp-content\/uploads\/2021\/04\/DSC_1073-162x200.jpg 162w, https:\/\/www.geri.at\/wordpress\/wp-content\/uploads\/2021\/04\/DSC_1073-768x947.jpg 768w, https:\/\/www.geri.at\/wordpress\/wp-content\/uploads\/2021\/04\/DSC_1073-1245x1536.jpg 1245w, https:\/\/www.geri.at\/wordpress\/wp-content\/uploads\/2021\/04\/DSC_1073-1660x2048.jpg 1660w\" sizes=\"auto, (max-width: 486px) 100vw, 486px\" \/><\/figure><\/div>\n\n\n\n<p>Meine Makro Vorsatzlinsen hab ich eigentlich immer dabei &#8211; gut so &#8211; sonst w\u00e4r mir diese Aufnahme einfach nicht m\u00f6glich gewesen&#8230;<\/p>\n\n\n\n<p>Das Kit Objektiv von der Z50 (16-50mm) ist ja sehr anst\u00e4ndig, doch die Nahgrenze ist mir ein bisschen zu weit weg. Darum hab ich Makro Vorsatzlinsen. Der Vorteil: es ist kein zus\u00e4tzliches Objektiv zum Mitnehmen und sie nehmen fast keinen Platz ein &#8211; der Nachteil: es ist eben kein Makro Objektiv \ud83d\ude09<\/p>\n\n\n\n<p>Diese lila Bl\u00fcten sind ein kleiner Teil von diesem Bild hier: <\/p>\n\n\n\n<p><img loading=\"lazy\" decoding=\"async\" width=\"300\" height=\"422\" class=\"wp-image-7312\" style=\"width: 300px;\" src=\"https:\/\/www.geri.at\/wordpress\/wp-content\/uploads\/2021\/04\/DSC_1056-scaled.jpg\" alt=\"\" srcset=\"https:\/\/www.geri.at\/wordpress\/wp-content\/uploads\/2021\/04\/DSC_1056-scaled.jpg 1820w, https:\/\/www.geri.at\/wordpress\/wp-content\/uploads\/2021\/04\/DSC_1056-284x400.jpg 284w, https:\/\/www.geri.at\/wordpress\/wp-content\/uploads\/2021\/04\/DSC_1056-427x600.jpg 427w, https:\/\/www.geri.at\/wordpress\/wp-content\/uploads\/2021\/04\/DSC_1056-142x200.jpg 142w, https:\/\/www.geri.at\/wordpress\/wp-content\/uploads\/2021\/04\/DSC_1056-768x1080.jpg 768w, https:\/\/www.geri.at\/wordpress\/wp-content\/uploads\/2021\/04\/DSC_1056-1092x1536.jpg 1092w, https:\/\/www.geri.at\/wordpress\/wp-content\/uploads\/2021\/04\/DSC_1056-1456x2048.jpg 1456w\" sizes=\"auto, (max-width: 300px) 100vw, 300px\" \/><\/p>\n\n\n\n<p>Man sieht, es zahlt sich immer aus ins Detail zu schauen&#8230;<\/p>\n","protected":false},"excerpt":{"rendered":"<p>Meine Makro Vorsatzlinsen hab ich eigentlich immer dabei &#8211; gut so &#8211; sonst w\u00e4r mir diese Aufnahme einfach nicht m\u00f6glich gewesen&#8230; Das Kit Objektiv von der Z50 (16-50mm) ist ja sehr anst\u00e4ndig, doch die Nahgrenze ist mir ein bisschen zu&#8230; <a href=\"https:\/\/www.geri.at\/wordpress\/im-detail-eroeffnen-sich-welten\/\" class=\"read-more\">Read More<\/a><\/p>\n","protected":false},"author":1,"featured_media":7327,"comment_status":"open","ping_status":"open","sticky":false,"template":"","format":"standard","meta":{"footnotes":""},"categories":[803,11],"tags":[811,774,520,812,806],"class_list":["post-7331","post","type-post","status-publish","format-standard","has-post-thumbnail","hentry","category-makro","category-natur","tag-lila","tag-makro","tag-natur","tag-purple","tag-z50"],"_links":{"self":[{"href":"https:\/\/www.geri.at\/wordpress\/wp-json\/wp\/v2\/posts\/7331","targetHints":{"allow":["GET"]}}],"collection":[{"href":"https:\/\/www.geri.at\/wordpress\/wp-json\/wp\/v2\/posts"}],"about":[{"href":"https:\/\/www.geri.at\/wordpress\/wp-json\/wp\/v2\/types\/post"}],"author":[{"embeddable":true,"href":"https:\/\/www.geri.at\/wordpress\/wp-json\/wp\/v2\/users\/1"}],"replies":[{"embeddable":true,"href":"https:\/\/www.geri.at\/wordpress\/wp-json\/wp\/v2\/comments?post=7331"}],"version-history":[{"count":1,"href":"https:\/\/www.geri.at\/wordpress\/wp-json\/wp\/v2\/posts\/7331\/revisions"}],"predecessor-version":[{"id":7332,"href":"https:\/\/www.geri.at\/wordpress\/wp-json\/wp\/v2\/posts\/7331\/revisions\/7332"}],"wp:featuredmedia":[{"embeddable":true,"href":"https:\/\/www.geri.at\/wordpress\/wp-json\/wp\/v2\/media\/7327"}],"wp:attachment":[{"href":"https:\/\/www.geri.at\/wordpress\/wp-json\/wp\/v2\/media?parent=7331"}],"wp:term":[{"taxonomy":"category","embeddable":true,"href":"https:\/\/www.geri.at\/wordpress\/wp-json\/wp\/v2\/categories?post=7331"},{"taxonomy":"post_tag","embeddable":true,"href":"https:\/\/www.geri.at\/wordpress\/wp-json\/wp\/v2\/tags?post=7331"}],"curies":[{"name":"wp","href":"https:\/\/api.w.org\/{rel}","templated":true}]}}